[{"@context":"https:\/\/schema.org\/","@type":"Article","@id":"https:\/\/www.dregs.cz\/preprava-ovocnych-stav-na-mori\/#Article","mainEntityOfPage":"https:\/\/www.dregs.cz\/preprava-ovocnych-stav-na-mori\/","headline":"P\u0159eprava ovocn\u00fdch \u0161\u0165\u00e1v na mo\u0159i","name":"P\u0159eprava ovocn\u00fdch \u0161\u0165\u00e1v na mo\u0159i","description":"V\u00fdroba ovocn\u00fdch protlak\u016f, \u0161\u0165\u00e1v a d\u0159en\u00ed je sama o sob\u011b n\u00e1ro\u010dn\u00fdm procesem, kter\u00fd podmi\u0148uje perfektn\u00ed organizaci pr\u00e1ce zejm\u00e9na z hlediska po\u017eadavk\u016f na dodr\u017eov\u00e1n\u00ed hygienick\u00fdch p\u0159edpis\u016f. Dal\u0161\u00edm d\u016fle\u017eit\u00fdm bodem je logistika \u2013 skladov\u00e1n\u00ed a p\u0159eprava zbo\u017e\u00ed<a class=\"moretag\" href=\"https:\/\/www.dregs.cz\/preprava-ovocnych-stav-na-mori\/\"> \u010c\u00edst v\u00edce&hellip;<\/a>","datePublished":"2023-04-05","dateModified":"2023-12-13","author":{"@type":"Person","@id":"https:\/\/www.dregs.cz\/author\/devene\/#Person","name":"devene","url":"https:\/\/www.dregs.cz\/author\/devene\/","identifier":1,"image":{"@type":"ImageObject","@id":"https:\/\/secure.gravatar.com\/avatar\/0dc285cbe86eecc8073f119fcb2e2c7032b51533f5bb47611c7d4a598558b8b7?s=96&d=mm&r=g","url":"https:\/\/secure.gravatar.com\/avatar\/0dc285cbe86eecc8073f119fcb2e2c7032b51533f5bb47611c7d4a598558b8b7?s=96&d=mm&r=g","height":96,"width":96}},"publisher":{"@type":"Organization","name":"dregs.cz","logo":{"@type":"ImageObject","@id":"\/logo.png","url":"\/logo.png","width":600,"height":60}},"image":{"@type":"ImageObject","@id":"https:\/\/www.dregs.cz\/wp-content\/uploads\/plums-g606df5c85_640.jpg","url":"https:\/\/www.dregs.cz\/wp-content\/uploads\/plums-g606df5c85_640.jpg","height":0,"width":0},"url":"https:\/\/www.dregs.cz\/preprava-ovocnych-stav-na-mori\/","about":["Business"],"wordCount":398,"articleBody":"      V\u00fdroba ovocn\u00fdch protlak\u016f, \u0161\u0165\u00e1v a d\u0159en\u00ed je sama o sob\u011b n\u00e1ro\u010dn\u00fdm procesem, kter\u00fd podmi\u0148uje perfektn\u00ed organizaci pr\u00e1ce zejm\u00e9na z hlediska po\u017eadavk\u016f na dodr\u017eov\u00e1n\u00ed hygienick\u00fdch p\u0159edpis\u016f. Dal\u0161\u00edm d\u016fle\u017eit\u00fdm bodem je logistika \u2013 skladov\u00e1n\u00ed a p\u0159eprava zbo\u017e\u00ed na trh. Producenti v zem\u011bd\u011blsk\u00e9m odv\u011btv\u00ed tu mohou nar\u00e1\u017eet na n\u011bkolik probl\u00e9m\u016f, s nimi\u017e bu\u010f nepo\u010d\u00edtali, anebo je podcenili.Jednor\u00e1zov\u00e1 vlo\u017eka uvnit\u0159 kontejneru \u2013 problematick\u00e1 je v\u017edy p\u0159eprava tohoto typu zbo\u017e\u00ed v obalech, kter\u00e9 nejsou jednor\u00e1zov\u00e9, ale vyu\u017e\u00edvaj\u00ed se po vy\u010di\u0161t\u011bn\u00ed pro dal\u0161\u00ed v\u00fdrobky. IBC kontejner Schoellerallibert je naopak vybaven vnit\u0159n\u00ed jednor\u00e1zovou vlo\u017ekou ze zdravotn\u011b nez\u00e1vadn\u00e9 plastov\u00e9 f\u00f3lie a se \u0161krt\u00edc\u00edm ventilem, t\u00edm p\u00e1dem se kontejnery nemus\u00ed vym\u00fdvat a nehroz\u00ed tu znehodnocen\u00ed obsahu uvnit\u0159 vlo\u017eky \u017e\u00e1dnou necht\u011bnou kontaminac\u00ed.N\u00e1ro\u010dn\u00e1 n\u00e1mo\u0159n\u00ed p\u0159eprava \u2013 p\u0159eprava potravin po mo\u0159i je n\u00e1ro\u010dn\u011bj\u0161\u00ed, ne\u017e po silnici \u010di po \u017eeleznici, p\u016fsob\u00ed zde prosolen\u00fd vzduch a \u010dast\u00e9 bou\u0159e, kter\u00e9 mohou ohrozit n\u00e1klad kontaktem s mo\u0159skou vodou. Z\u00e1rove\u0148 zde doch\u00e1z\u00ed k nep\u0159edv\u00eddan\u00fdm pohyb\u016fm z\u00e1silek uvnit\u0159 p\u0159epravn\u00edho prostoru, \u010d\u00edm\u017e m\u016f\u017ee doj\u00edt k jejich po\u0161kozen\u00ed. S IBC kontejnery je p\u0159eprava bezpe\u010dn\u00e1 i na mo\u0159i.Stohovatelnost \u2013 IBC kontejnery jsou konstruov\u00e1ny tak, aby si poradily s n\u00e1kladem a\u017e sedmi a p\u016fl tuny p\u0159i vyskl\u00e1d\u00e1n\u00ed p\u011bti kontejner\u016f na sebe. Tato extr\u00e9mn\u00ed nosnost dvojit\u00e9ho opl\u00e1\u0161t\u011bn\u00ed IBC n\u00e1dr\u017e\u00ed dovoluje minimalizovat n\u00e1klady p\u0159i p\u0159eprav\u011b d\u00edky tomu, \u017ee lze na jeden z\u00e1tah p\u0159ev\u00e1\u017eet zna\u010dn\u00e9 mno\u017estv\u00ed n\u00e1kladu.Chlazen\u00e9 a mra\u017een\u00e9 v\u00fdrobky \u2013 IBC kontejnery jsou p\u0159ipraven\u00e9 p\u0159epravit na dlouh\u00e9 vzd\u00e1lenosti i tento typ zbo\u017e\u00ed. Materi\u00e1l odol\u00e1v\u00e1 velmi n\u00edzk\u00fdm teplot\u00e1m a lze s n\u00edm po\u010d\u00edtat i tam, kde je skladov\u00e1n\u00ed mra\u017een\u00fdch potravin problematick\u00e9 nebo dokonce neuskute\u010dniteln\u00e9.Manipulace s vysokozdvi\u017en\u00fdmi voz\u00edky \u2013 nakl\u00e1d\u00e1n\u00ed, vykl\u00e1dka a p\u0159eprava pomoc\u00ed t\u011bchto p\u0159epravn\u00edch box\u016f s vysokozdvi\u017en\u00fdmi voz\u00edky je samoz\u0159ejmost\u00ed.                                                                                                                                                                                                                                                                                                                                                                                          4\/5 - (8 votes)        "},{"@context":"https:\/\/schema.org\/","@type":"BreadcrumbList","itemListElement":[{"@type":"ListItem","position":1,"name":"P\u0159eprava ovocn\u00fdch \u0161\u0165\u00e1v na mo\u0159i","item":"https:\/\/www.dregs.cz\/preprava-ovocnych-stav-na-mori\/#breadcrumbitem"}]}]