[{"@context":"https:\/\/schema.org\/","@type":"Article","@id":"https:\/\/www.dregs.cz\/o-vyhodach-starozitnych-komod\/#Article","mainEntityOfPage":"https:\/\/www.dregs.cz\/o-vyhodach-starozitnych-komod\/","headline":"O v\u00fdhod\u00e1ch staro\u017eitn\u00fdch komod","name":"O v\u00fdhod\u00e1ch staro\u017eitn\u00fdch komod","description":"Komody pat\u0159\u00ed mezi n\u00e1bytkem ke zvl\u00e1\u0161tn\u00ed kategorii. Nejsou toti\u017e obvykle ur\u010deny pro ukl\u00e1d\u00e1n\u00ed velk\u00e9ho mno\u017estv\u00ed p\u0159edm\u011bt\u016f, jak je tomu nap\u0159. u vestav\u011bn\u00fdch sk\u0159\u00edn\u00ed, ale jde tu sp\u00ed\u0161e o \u0159emesln\u00fd v\u00fdrobek, s trochou nads\u00e1zky \u0159e\u010deno i<a class=\"moretag\" href=\"https:\/\/www.dregs.cz\/o-vyhodach-starozitnych-komod\/\"> \u010c\u00edst v\u00edce&hellip;<\/a>","datePublished":"2022-01-28","dateModified":"2023-05-06","author":{"@type":"Person","@id":"https:\/\/www.dregs.cz\/author\/devene\/#Person","name":"devene","url":"https:\/\/www.dregs.cz\/author\/devene\/","identifier":1,"image":{"@type":"ImageObject","@id":"https:\/\/secure.gravatar.com\/avatar\/0dc285cbe86eecc8073f119fcb2e2c7032b51533f5bb47611c7d4a598558b8b7?s=96&d=mm&r=g","url":"https:\/\/secure.gravatar.com\/avatar\/0dc285cbe86eecc8073f119fcb2e2c7032b51533f5bb47611c7d4a598558b8b7?s=96&d=mm&r=g","height":96,"width":96}},"publisher":{"@type":"Organization","name":"dregs.cz","logo":{"@type":"ImageObject","@id":"\/logo.png","url":"\/logo.png","width":600,"height":60}},"image":{"@type":"ImageObject","@id":"https:\/\/www.dregs.cz\/wp-content\/uploads\/vestibule-g51d296116_640.jpg","url":"https:\/\/www.dregs.cz\/wp-content\/uploads\/vestibule-g51d296116_640.jpg","height":0,"width":0},"url":"https:\/\/www.dregs.cz\/o-vyhodach-starozitnych-komod\/","about":["Zbo\u017e\u00ed"],"wordCount":407,"articleBody":"   Komody pat\u0159\u00ed mezi n\u00e1bytkem ke zvl\u00e1\u0161tn\u00ed kategorii. Nejsou toti\u017e obvykle ur\u010deny pro ukl\u00e1d\u00e1n\u00ed velk\u00e9ho mno\u017estv\u00ed p\u0159edm\u011bt\u016f, jak je tomu nap\u0159. u vestav\u011bn\u00fdch sk\u0159\u00edn\u00ed, ale jde tu sp\u00ed\u0161e o \u0159emesln\u00fd v\u00fdrobek, s trochou nads\u00e1zky \u0159e\u010deno i mnohdy o um\u011bleck\u00e9 d\u00edlo, kter\u00e9 z\u00fatul\u0148uje u\u017eitn\u00fd prostor. Velmi pak z\u00e1le\u017e\u00ed na tom, z jak\u00e9ho materi\u00e1lu je komoda vyrobena, jakou pozornost v\u011bnoval v\u00fdrobce designu a stylu, a zda se hod\u00ed pr\u00e1v\u011b tam, kam ji zam\u00fd\u0161l\u00edme postavit.Mo\u017en\u00e1 jste si p\u0159i va\u0161\u00ed posledn\u00ed n\u00e1v\u0161t\u011bv\u011b n\u011bjak\u00e9ho renesan\u010dn\u00edho, barokn\u00edho, klasicistn\u00edho \u010di neogotick\u00e9ho z\u00e1mku vryli do pam\u011bti vybaven\u00ed alespo\u0148 jedn\u00e9 z komnat, kde v\u00e1m u\u010darovaly tapis\u00e9rie, intarzovan\u00fd stolek a tak\u00e9 staro\u017eitn\u00e1 komoda. Komody b\u00fdvaly v z\u00e1mc\u00edch v \u0159ad\u00e1ch \u0161lechty obl\u00edben\u00fdm kusem invent\u00e1\u0159e nejen pro jeho prakti\u010dnost, kdy se do z\u00e1suvek daly odkl\u00e1dat p\u00edsemnosti a drobn\u00e9 p\u0159edm\u011bty, ale praktick\u00e1 byla i jeho vodorovn\u00e1 horn\u00ed deska pro pokl\u00e1d\u00e1n\u00ed ob\u010derstven\u00ed, n\u00e1poj\u016f, sv\u00edcn\u016f, kosmetick\u00fdch p\u0159\u00edpravk\u016f atd. Z t\u011bchto v\u00fdhod komod t\u011b\u017e\u00edme  prakticky y dodnes, v\u00fdroba se nezastavila jak v modern\u00edm pojet\u00ed u d\u0159evot\u0159\u00edskov\u00fdch laminovan\u00fdch desek, tak i d\u0159ev\u011bn\u00e9ho masivu a dokonce u mnoha mistrovsk\u00fdch staro\u017eitn\u00fdch replik, kter\u00e9 si zasluhuj\u00ed mimo\u0159\u00e1dnou pozornost a obdiv \u0159emesln\u00e9 pr\u00e1ce.Komoda se hod\u00ed do ka\u017ed\u00e9ho bytu, zejm\u00e9na tam, kde m\u00e1 kolem sebe dopl\u0148uj\u00edc\u00ed kusy n\u00e1bytku, jako jsou k\u0159esla, postele a sedac\u00ed soupravy, a kde je z\u00e1rove\u0148 otev\u0159en\u00fd prostor. Teprve tam vynikne jej\u00ed dominance. Vhodn\u00e9 je dop\u0159\u00e1t j\u00ed nev\u00fdraznou malbu st\u011bn, nap\u0159. univerz\u00e1ln\u00ed b\u00edlou \u010di jemn\u011b kr\u00e9mov\u00e9 odst\u00edny oran\u017eov\u00e9, modr\u00e9 \u010di zelen\u00e9, z\u00e1le\u017e\u00ed na typu komody, jej\u00ed barv\u011b, vzorov\u00e1n\u00ed, tvaru, ozdobn\u00fdch prvc\u00edch, kov\u00e1n\u00ed atp.A co se t\u00fd\u010de m\u00edstnost\u00ed, kam se hod\u00ed, je to jeden z m\u00e1la typ\u016f n\u00e1bytku, s n\u00edm\u017e m\u016f\u017eete vyrukovat i do p\u0159eds\u00edn\u011b, vstupn\u00ed haly nebo lo\u017enice a d\u011btsk\u00e9ho pokoje, kde zkr\u00e1\u0161l\u00ed prost\u0159ed\u00ed, ani\u017e by si vynucovaly pozornost \u010d\u00edmsi nep\u0159irozen\u00fdm.                                                                                                                                                                                                                                                                                                                                                                                          3.6\/5 - (5 votes)        "},{"@context":"https:\/\/schema.org\/","@type":"BreadcrumbList","itemListElement":[{"@type":"ListItem","position":1,"name":"O v\u00fdhod\u00e1ch staro\u017eitn\u00fdch komod","item":"https:\/\/www.dregs.cz\/o-vyhodach-starozitnych-komod\/#breadcrumbitem"}]}]