[{"@context":"https:\/\/schema.org\/","@type":"Article","@id":"https:\/\/www.dregs.cz\/co-s-detmi-o-prazdninach-kdyz-dovolena-nestaci\/#Article","mainEntityOfPage":"https:\/\/www.dregs.cz\/co-s-detmi-o-prazdninach-kdyz-dovolena-nestaci\/","headline":"Co s d\u011btmi o pr\u00e1zdnin\u00e1ch, kdy\u017e dovolen\u00e1 nesta\u010d\u00ed?","name":"Co s d\u011btmi o pr\u00e1zdnin\u00e1ch, kdy\u017e dovolen\u00e1 nesta\u010d\u00ed?","description":"Dva m\u011bs\u00edce pr\u00e1zdnin. Tento rok se jedn\u00e1 o 43 pracovn\u00edch dn\u00ed. V\u011bt\u0161ina lid\u00ed v\u0161ak m\u00e1 dovolenou pouze 20-25 dn\u00ed ro\u010dn\u011b, z \u010deho\u017e si n\u011bco pot\u0159ebuj\u00ed nechat na podzimn\u00ed a v\u00e1no\u010dn\u00ed pr\u00e1zdniny Re\u00e1ln\u011b tak mohou z\u016fstat<a class=\"moretag\" href=\"https:\/\/www.dregs.cz\/co-s-detmi-o-prazdninach-kdyz-dovolena-nestaci\/\"> \u010c\u00edst v\u00edce&hellip;<\/a>","datePublished":"2022-06-18","dateModified":"2022-06-18","author":{"@type":"Person","@id":"https:\/\/www.dregs.cz\/author\/devene\/#Person","name":"devene","url":"https:\/\/www.dregs.cz\/author\/devene\/","identifier":1,"image":{"@type":"ImageObject","@id":"https:\/\/secure.gravatar.com\/avatar\/0dc285cbe86eecc8073f119fcb2e2c7032b51533f5bb47611c7d4a598558b8b7?s=96&d=mm&r=g","url":"https:\/\/secure.gravatar.com\/avatar\/0dc285cbe86eecc8073f119fcb2e2c7032b51533f5bb47611c7d4a598558b8b7?s=96&d=mm&r=g","height":96,"width":96}},"publisher":{"@type":"Organization","name":"dregs.cz","logo":{"@type":"ImageObject","@id":"\/logo.png","url":"\/logo.png","width":600,"height":60}},"image":{"@type":"ImageObject","@id":"https:\/\/www.dregs.cz\/wp-content\/uploads\/woman-2696408_640.jpg","url":"https:\/\/www.dregs.cz\/wp-content\/uploads\/woman-2696408_640.jpg","height":0,"width":0},"url":"https:\/\/www.dregs.cz\/co-s-detmi-o-prazdninach-kdyz-dovolena-nestaci\/","about":["Ekonomika"],"wordCount":475,"articleBody":"         Dva m\u011bs\u00edce pr\u00e1zdnin. Tento rok se jedn\u00e1 o 43 pracovn\u00edch dn\u00ed. V\u011bt\u0161ina lid\u00ed v\u0161ak m\u00e1 dovolenou pouze 20-25 dn\u00ed ro\u010dn\u011b, z \u010deho\u017e si n\u011bco pot\u0159ebuj\u00ed nechat na podzimn\u00ed a v\u00e1no\u010dn\u00ed pr\u00e1zdniny Re\u00e1ln\u011b tak mohou z\u016fstat doma s d\u011btmi asi dva t\u00fddny (10 pracovn\u00edch dn\u00ed), a i kdy\u017e si to oba rodi\u010de rozd\u011bl\u00ed, tedy nebudou tr\u00e1vit dovolenou sou\u010dasn\u011b, po\u0159\u00e1d zb\u00fdv\u00e1 v\u00edce jak polovina pr\u00e1zdnin, kdy n\u011bkam pot\u0159ebuj\u00ed d\u00e1t d\u011bti. U samo\u017eivitelek je to pak je\u0161t\u011b t\u011b\u017e\u0161\u00ed. Co s t\u00edm, pokud nem\u00e1te babi\u010dky, kter\u00e9 by pohl\u00eddaly?P\u0159\u00edm\u011bstsk\u00fd t\u00e1borSpousta lid\u00ed vol\u00ed jako alternativu p\u0159\u00edm\u011bstsk\u00fd t\u00e1bor, kter\u00fd je o n\u011bco levn\u011bj\u0161\u00ed, ne\u017e t\u00e1bor b\u011b\u017en\u00fd. Tam voz\u00ed d\u011bti podobn\u011b jako kdysi do \u0161kolky, v\u017edy r\u00e1no, a odpoledne si je vyzvednou. Tyto t\u00e1bory v\u0161ak obvykle za\u010d\u00ednaj\u00ed a\u017e od 7 hodiny, a kon\u010d\u00ed v 16 hodin, co\u017e je nepohodln\u00e9 pro rodi\u010de, kte\u0159\u00ed maj\u00ed pracovn\u00ed dobu u\u017e od 6 r\u00e1no, nebo naopak kon\u010d\u00ed a\u017e v 17 hodin. N\u011bkdo si to pak v pr\u00e1ci m\u016f\u017ee domluvit, n\u011bkdo ne. Cena za t\u00fdden takov\u00e9ho t\u00e1bora se pohybuje od 1200 do 4000K\u010d. Klasick\u00fd t\u00e1borTedy t\u00e1bor, kam d\u011bti zavezete, a za t\u00fdden si je vyzvednete. Tyto t\u00e1bory jsou v\u00fdhodn\u011bj\u0161\u00ed pro pracovn\u011b vyt\u00ed\u017een\u00e9 rodi\u010de, kter\u00fdm \u010dasy p\u0159\u00edm\u011bstsk\u00fdch t\u00e1bor\u016f nevyhovuj\u00ed. V\u00fdhodou pak je i to, \u017ee t\u00e1bory m\u00edvaj\u00ed ur\u010ditou t\u00e9matiku, a d\u011bti se nau\u010d\u00ed samostatnosti. Takov\u00fd t\u00e1bor u\u017e vych\u00e1z\u00ed okolo 6-10 000K\u010d. O\u0161et\u0159ovn\u00e9N\u011bkte\u0159\u00ed rodi\u010de to pak \u0159e\u0161\u00ed o\u0161et\u0159ovn\u00fdm, kdy z\u016fstanou s d\u011btmi doma pod z\u00e1minkou jejich nemoci. Toto v\u0161ak mus\u00ed potvrdit pediatr, a rovn\u011b\u017e se jedn\u00e1 o variantu, kter\u00e1 je mo\u017en\u00e1 pouze na dev\u011bt dn\u00ed v kuse, pot\u00e9 je t\u0159eba d\u00e1t alespo\u0148 den pauzu, a za\u010d\u00edt od znova. P\u016fj\u010dkaNe ka\u017ed\u00fd si v\u0161ak m\u016f\u017ee dovolit z\u016fstat doma na o\u0161et\u0159ovn\u00e9m, a nem\u00e1 na to, aby zaplatil v\u0161echny ty t\u00e1bory. Pokud si to spo\u010d\u00edt\u00e1te, dejme tomu 2 p\u0159\u00edm\u011bstsk\u00e9 t\u00e1bory, a dva klasick\u00e9, dostaneme se na \u010d\u00e1stku a\u017e ke dvaceti tis\u00edc\u016fm za nejlevn\u011bj\u0161\u00ed verze, co\u017e v mnoha p\u0159\u00edpadech neodpov\u00edd\u00e1 v\u00fdd\u011blku rodi\u010de. N\u011bkte\u0159\u00ed to pak vol\u00ed p\u016fj\u010dkou, nap\u0159\u00edklad ve form\u011b nebankovn\u00ed americk\u00e9 hypot\u00e9ky Hypoteky-bez-registru.net, kterou lze vyu\u017e\u00edt bez dolo\u017een\u00ed \u00fa\u010delu, a jej\u00ed podm\u00ednky jsou dosa\u017eiteln\u00e9 i pro b\u011b\u017en\u011b vyd\u011bl\u00e1vaj\u00edc\u00ed lidi.                                                                                                                                                                                                                                                                                                                                                                                          4\/5 - (5 votes)        "},{"@context":"https:\/\/schema.org\/","@type":"BreadcrumbList","itemListElement":[{"@type":"ListItem","position":1,"name":"Co s d\u011btmi o pr\u00e1zdnin\u00e1ch, kdy\u017e dovolen\u00e1 nesta\u010d\u00ed?","item":"https:\/\/www.dregs.cz\/co-s-detmi-o-prazdninach-kdyz-dovolena-nestaci\/#breadcrumbitem"}]}]